{"id":352,"date":"2012-06-15T00:00:00","date_gmt":"2012-06-14T23:00:00","guid":{"rendered":"http:\/\/localhost\/rennet\/?p=352"},"modified":"2013-12-03T17:18:33","modified_gmt":"2013-12-03T16:18:33","slug":"lete-des-casseroles-ou-la-symphonie-du-nouveau-monde","status":"publish","type":"post","link":"https:\/\/rennet.org\/?p=352","title":{"rendered":"L&rsquo;\u00e9t\u00e9 des casseroles ou la symphonie du nouveau monde."},"content":{"rendered":"<p>19h20, coin Christophe Colomb et Beaubien&#8230; Un faible tintamarre se fait entendre, une note percussive \u00e9gren\u00e9e le long de la rue, comme lors du passage d&rsquo;un r\u00e9mouleur&#8230; puis le tintement prend de l&rsquo;\u00e9cho, r\u00e9p\u00e9t\u00e9, multipli\u00e9, 5 fois, 10 fois. Le mouvement soliste devient orchestre. Les gens sortent sur les balcons, mi interrogateurs, mi amus\u00e9s, certains inquiets&#8230; Une vingtaine de personnes, spatules en main, tapent sur des casseroles, comme des marmitons sonnant la soupe.<!--more--><\/p>\n<div class=\"one_half\"><\/p>\n<p>Le lendemain, \u00e0 la m\u00eame heure, le petit orchestre a encore grandi. On commence \u00e0 distinguer parfaitement les premi\u00e8res casseroles, devan\u00e7ant l\u00e9g\u00e8rement les autres, plus regroup\u00e9s en nappes, scrutant le chef d&rsquo;orchestre et sa spatule directrice. Ils seront encore plus nombreux le surlendemain, jusqu&rsquo;\u00e0 atteindre la dimension symphonique, l&rsquo;unisson parfait, la majest\u00e9 harmonique et la puissance des grands ensembles. La d\u00e9mocratie symphonique se fait entendre, elle court le long des rues, <strong>Montr\u00e9al<\/strong> et le <strong>Qu\u00e9bec<\/strong> veut se faire entendre aux oreilles du monde&#8230;<\/p>\n<p>A d\u00e9faut de passer l&rsquo;Atlantique, elle se verra amplifi\u00e9e Place des Arts, relay\u00e9e par <strong>Charlebois<\/strong>, autrefois partisan de la r\u00e9volution tranquille avec son <em>ostie d&rsquo;show<\/em>, aujourd&rsquo;hui partisan d&rsquo;une r\u00e9volution moins tranquille. De l&rsquo;autre c\u00f4t\u00e9 de l&rsquo;Atlantique \u00e0 la rame, la symphonie populaire est r\u00e9duite \u00e0 l&rsquo;expression d&rsquo;un mauvais trio garage qui fout le bordel, \u00e0 une poign\u00e9e d&rsquo;\u00e9tudiants jouant sur des instruments mal accord\u00e9s et qui font rager le voisinage&#8230; toute la splendeur de l&rsquo;orchestre se voit compress\u00e9e, r\u00e9duite \u00e0 un mauvais mp3 o\u00f9 l&rsquo;on n&rsquo;entend plus que quelques solos, noyant le reste de l&rsquo;orchestre dans une bouillie sonore indistincte et bruyante.Toute la souplesse du num\u00e9rique au service de la musique, de la d\u00e9mocratie. Merci! Quand les casseroles dament le pion \u00e0 Twitter, \u00e7a fait plus de bruit mais \u00e7a s&rsquo;entend moins chez les relayeurs d&rsquo;infos.<\/p>\n<p>La France se contrefout de ses cousins nord am\u00e9ricains. Il aura fallu des seins nus et quelques culs \u00e0 l&rsquo;air pour voir ici et l\u00e0 quelques articles mal renseign\u00e9s agr\u00e9ment\u00e9s de nombreux diaporamas&#8230; Et tout ceci apr\u00e8s plusieurs semaine de conflits \u00e2pres. On entend parler de gr\u00e8ves \u00e9tudiantes, que ceux ci sont des casseurs, que la population en a marre de tous ces petits cons, que le carr\u00e9 rouge est un symbole d\u00e9savou\u00e9 par le peuple&#8230; Et ce n&rsquo;est pas vrai. Ce n&rsquo;est plus vrai! Ce sont les montr\u00e9alais qui sont dans la rue. Les jeunes, les vieux, les enfants, les ch\u00f4meurs et les salari\u00e9s&#8230; Du centre ville en passant par le <strong>Plateau<\/strong>, jusqu&rsquo;\u00e0 remonter dans les quartiers plus populaires comme <strong>Outremont<\/strong>, <strong>Petite Italie<\/strong>, <strong>Villeray<\/strong> ou <strong>Ahuntsic<\/strong>&#8230; Peut \u00eatre m\u00eame chez les riches anglophones, du c\u00f4t\u00e9 de <strong>Westmount<\/strong>, y a t-il aussi quelques casseroles \u00e9parses qui sonnent le tocsin \u00e0 l&rsquo;indiff\u00e9rence gouvernementale.<\/p>\n<p><\/div>\n<div class=\"one_half last\"><\/p>\n<p>Faisons fi de toute consid\u00e9ration politique, de syst\u00e8me lib\u00e9rale ou de bloc qu\u00e9b\u00e9cois, le peuple est dans la rue pour atteinte \u00e0 sa libert\u00e9. La loi 78 bafoue les libert\u00e9s, privant le citoyen de s&rsquo;exprimer sur un droit fondamental, restreignant le droit d&rsquo;association et de r\u00e9union pacifique au Qu\u00e9bec&#8230; cette loi liberticide touche l&rsquo;ensemble de la population et non pas que les \u00e9tudiants si durement incrimin\u00e9s et r\u00e9prim\u00e9s par le gouvernement. ici m\u00eame, en France, l&rsquo;\u00e9quivalent \u00e0 cette loi 78 (<em>article L211-1 du Code de la s\u00e9curit\u00e9 int\u00e9rieure et les articles 431-3 \u00e0 431-9 du Code p\u00e9nal fran\u00e7ais<\/em>) est encore plus r\u00e9ductrice&#8230; mais c&rsquo;est tellement normal au pays des droits de l&rsquo;Homme.<br \/>\nTout ce mouvement social et populaire est d\u00e9savou\u00e9 par les grands groupes industriels, les faiseurs d&rsquo;argent, les lib\u00e9raux, les nantis qui en appellent \u00e0 l&rsquo;ordre contre la chienlit. Toute cette fausse aristocratie qu\u00e9b\u00e9coise encro\u00fbt\u00e9e qui g\u00e8rent le pays comme leur fortune, comme leur compte en banque, avec uniquement la notion de profit et de grandeur dans leur esprit obtus. En 1985, <strong>Pierre Falardeau<\/strong> tournait \u00ab\u00a0<em>le temps des bouffons<\/em>\u00ab\u00a0, court m\u00e9trage pamphl\u00e9taire encore d&rsquo;actualit\u00e9. Le documentaire commence par ce titre presque pr\u00e9monitoire: \u00ab\u00a0<em>renverser les monuments pour voir les vers qui grouillent<\/em>\u00ab\u00a0. Cette tirade de <strong>Pierre Vadeboncoeur<\/strong>, avocat, syndicaliste et \u00e9crivain qu\u00e9b\u00e9cois, se veut encore un leitmotiv parfaitement actuel et de qualit\u00e9, m\u00eame si il a \u00e9t\u00e9 pens\u00e9 en plein dans la r\u00e9volution tranquille qu\u00e9b\u00e9coise. Oui, au Qu\u00e9bec, comme ailleurs, les \u00e9crits anciens sont des piliers de la soci\u00e9t\u00e9 de demain&#8230; Il appartient d\u00e9sormais \u00e0 la Belle Province d&rsquo;\u00e9crire son histoire moderne, de sortir encore ses casseroles et d&rsquo;entamer sa symphonie du Nouveau monde&#8230; libre.<\/p>\n<p><\/div><div class=\"clear\"><\/div>\n<p>&nbsp;<\/p>\n","protected":false},"excerpt":{"rendered":"<p>19h20, coin Christophe Colomb et Beaubien&#8230; Un faible tintamarre se fait entendre, une note percussive \u00e9gren\u00e9e le long de la rue, comme lors du passage d&rsquo;un r\u00e9mouleur&#8230; puis le tintement prend de l&rsquo;\u00e9cho, r\u00e9p\u00e9t\u00e9, multipli\u00e9, 5 fois, 10 fois. Le mouvement soliste devient orchestre. Les gens sortent sur les balcons, mi interrogateurs, mi amus\u00e9s, certains [&hellip;]<\/p>\n","protected":false},"author":1,"featured_media":404,"comment_status":"open","ping_status":"open","sticky":false,"template":"","format":"standard","meta":{"footnotes":""},"categories":[20,5],"tags":[],"class_list":["post-352","post","type-post","status-publish","format-standard","has-post-thumbnail","hentry","category-dossier","category-mon-onc-des-ameriques"],"_links":{"self":[{"href":"https:\/\/rennet.org\/index.php?rest_route=\/wp\/v2\/posts\/352","targetHints":{"allow":["GET"]}}],"collection":[{"href":"https:\/\/rennet.org\/index.php?rest_route=\/wp\/v2\/posts"}],"about":[{"href":"https:\/\/rennet.org\/index.php?rest_route=\/wp\/v2\/types\/post"}],"author":[{"embeddable":true,"href":"https:\/\/rennet.org\/index.php?rest_route=\/wp\/v2\/users\/1"}],"replies":[{"embeddable":true,"href":"https:\/\/rennet.org\/index.php?rest_route=%2Fwp%2Fv2%2Fcomments&post=352"}],"version-history":[{"count":5,"href":"https:\/\/rennet.org\/index.php?rest_route=\/wp\/v2\/posts\/352\/revisions"}],"predecessor-version":[{"id":411,"href":"https:\/\/rennet.org\/index.php?rest_route=\/wp\/v2\/posts\/352\/revisions\/411"}],"wp:featuredmedia":[{"embeddable":true,"href":"https:\/\/rennet.org\/index.php?rest_route=\/wp\/v2\/media\/404"}],"wp:attachment":[{"href":"https:\/\/rennet.org\/index.php?rest_route=%2Fwp%2Fv2%2Fmedia&parent=352"}],"wp:term":[{"taxonomy":"category","embeddable":true,"href":"https:\/\/rennet.org\/index.php?rest_route=%2Fwp%2Fv2%2Fcategories&post=352"},{"taxonomy":"post_tag","embeddable":true,"href":"https:\/\/rennet.org\/index.php?rest_route=%2Fwp%2Fv2%2Ftags&post=352"}],"curies":[{"name":"wp","href":"https:\/\/api.w.org\/{rel}","templated":true}]}}